{"id":622,"date":"2021-11-11T10:17:06","date_gmt":"2021-11-11T09:17:06","guid":{"rendered":"https:\/\/yogadelorne.wordpress.com\/?p=622"},"modified":"2021-11-11T10:17:06","modified_gmt":"2021-11-11T09:17:06","slug":"seminaire-avec-le-docteur-bernadette-de-gasquet-en-brabant-wallon-ce-dimanche","status":"publish","type":"post","link":"https:\/\/www.yogadelorne.be\/index.php\/2021\/11\/11\/seminaire-avec-le-docteur-bernadette-de-gasquet-en-brabant-wallon-ce-dimanche\/","title":{"rendered":"S\u00e9minaire avec le Docteur Bernadette de Gasquet en Brabant wallon ce dimanche"},"content":{"rendered":"\n<h2 class=\"wp-block-heading\" id=\"atelier-de-yoga-sans-degats-avec-le-docteur-de-gasquet-a-ceroux-mousty\">Atelier de yoga sans d\u00e9g\u00e2ts avec le Docteur de Gasquet \u00e0 C\u00e9roux Mousty<\/h2>\n\n\n\n<p>Votre agenda est encore vide ce dimanche 14 novembre? <\/p>\n\n\n\n<p>Vous r\u00eavez d&rsquo;une journ\u00e9e hors du temps, juste pour pratiquer du yoga? <\/p>\n\n\n\n<p>Venez profiter de la venue de l&rsquo;une de mes formatrices, le Docteur de Gasquet (sp\u00e9cialis\u00e9e dans le yoga sans d\u00e9g\u00e2ts, le yoga pr\u00e9natal et le yoga postnatal, le p\u00e9rin\u00e9e, les abdos et les maux de dos). Bref, l&rsquo;occasion de voir cette sp\u00e9cialiste en Belgique ne se pr\u00e9sente pas souvent. <\/p>\n\n\n\n<p>O\u00f9? Centre Sportif des Coquer\u00e9es, Rue des Coquer\u00e9es 50A, 1341 C\u00e9roux Mousty Plan d&rsquo;acc\u00e8s: <a href=\"http:\/\/www.csli-olln.be\/crbst_45.html#anchor-PlanAcces\">http:\/\/www.csli-olln.be\/crbst_45.html#anchor-PlanAcces<\/a><br>Plus d&rsquo;infos sur le site de l&rsquo;ABEPY: <a href=\"http:\/\/www.yoga-abepy.be\/evenement\/\">http:\/\/www.yoga-abepy.be\/evenement\/<\/a><\/p>\n","protected":false},"excerpt":{"rendered":"<p>Atelier de yoga sans d\u00e9g\u00e2ts avec le Docteur de Gasquet \u00e0 C\u00e9roux Mousty Votre agenda est encore vide ce dimanche 14 novembre? Vous r\u00eavez d&rsquo;une journ\u00e9e hors du temps, juste pour pratiquer du yoga? Venez profiter de la venue de l&rsquo;une de mes formatrices, le Docteur de Gasquet (sp\u00e9cialis\u00e9e dans le yoga sans d\u00e9g\u00e2ts, le &hellip; <a href=\"https:\/\/www.yogadelorne.be\/index.php\/2021\/11\/11\/seminaire-avec-le-docteur-bernadette-de-gasquet-en-brabant-wallon-ce-dimanche\/\" class=\"more-link\">Continuer la lecture de <span class=\"screen-reader-text\">S\u00e9minaire avec le Docteur Bernadette de Gasquet en Brabant wallon ce dimanche<\/span><\/a><\/p>\n","protected":false},"author":1,"featured_media":624,"comment_status":"closed","ping_status":"closed","sticky":false,"template":"","format":"standard","meta":{"footnotes":""},"categories":[2],"tags":[3,7,14,21,45,50],"class_list":["post-622","post","type-post","status-publish","format-standard","has-post-thumbnail","hentry","category-news","tag-atelier-yoga-de-gasquet-a-ceroux-mousty","tag-brabant-wallon","tag-cours","tag-de-gasquet","tag-yoga-pre-natal","tag-yoga-sans-degats"],"jetpack_featured_media_url":"https:\/\/www.yogadelorne.be\/wp-content\/uploads\/2021\/11\/livres-de-gasquet.jpeg","_links":{"self":[{"href":"https:\/\/www.yogadelorne.be\/index.php\/wp-json\/wp\/v2\/posts\/622","targetHints":{"allow":["GET"]}}],"collection":[{"href":"https:\/\/www.yogadelorne.be\/index.php\/wp-json\/wp\/v2\/posts"}],"about":[{"href":"https:\/\/www.yogadelorne.be\/index.php\/wp-json\/wp\/v2\/types\/post"}],"author":[{"embeddable":true,"href":"https:\/\/www.yogadelorne.be\/index.php\/wp-json\/wp\/v2\/users\/1"}],"replies":[{"embeddable":true,"href":"https:\/\/www.yogadelorne.be\/index.php\/wp-json\/wp\/v2\/comments?post=622"}],"version-history":[{"count":0,"href":"https:\/\/www.yogadelorne.be\/index.php\/wp-json\/wp\/v2\/posts\/622\/revisions"}],"wp:featuredmedia":[{"embeddable":true,"href":"https:\/\/www.yogadelorne.be\/index.php\/wp-json\/wp\/v2\/media\/624"}],"wp:attachment":[{"href":"https:\/\/www.yogadelorne.be\/index.php\/wp-json\/wp\/v2\/media?parent=622"}],"wp:term":[{"taxonomy":"category","embeddable":true,"href":"https:\/\/www.yogadelorne.be\/index.php\/wp-json\/wp\/v2\/categories?post=622"},{"taxonomy":"post_tag","embeddable":true,"href":"https:\/\/www.yogadelorne.be\/index.php\/wp-json\/wp\/v2\/tags?post=622"}],"curies":[{"name":"wp","href":"https:\/\/api.w.org\/{rel}","templated":true}]}}